{"id":11782,"date":"2022-10-31T10:51:41","date_gmt":"2022-10-31T09:51:41","guid":{"rendered":"https:\/\/www.andrefrereditions.com\/?p=11782"},"modified":"2022-10-31T10:53:30","modified_gmt":"2022-10-31T09:53:30","slug":"paris-photo-2022","status":"publish","type":"post","link":"https:\/\/www.andrefrereditions.com\/en\/news\/paris-photo-2022\/","title":{"rendered":"Paris Photo 2022"},"content":{"rendered":"<h2>Paris Photo \u2013 Grand Palais \u00e9ph\u00e9m\u00e8re<br \/>\nfrom november 9 to 13, 2022 &#8211; Stand SE04<br \/>\n<img loading=\"lazy\" decoding=\"async\" class=\"alignnone size-thumbnail wp-image-11775\" src=\"https:\/\/www.andrefrereditions.com\/wp-content\/uploads\/2022\/10\/paris-photo-2022-andre-frere-editions-300x243.jpg\" alt=\"\" width=\"300\" height=\"243\" srcset=\"https:\/\/www.andrefrereditions.com\/wp-content\/uploads\/2022\/10\/paris-photo-2022-andre-frere-editions-300x243.jpg 300w, https:\/\/www.andrefrereditions.com\/wp-content\/uploads\/2022\/10\/paris-photo-2022-andre-frere-editions.jpg 420w\" sizes=\"auto, (max-width: 300px) 100vw, 300px\" \/><\/h2>\n<p>&nbsp;<\/p>\n<p>Come and discover our latest books and the shortlisted books for the Paris Photo Aperture PhotoBook Awards.<\/p>\n<h2>PARIS PHOTO \u2013 APERTURE PHOTOBOOK AWARDS: Two of our books shortlisted!<\/h2>\n<p><img loading=\"lazy\" decoding=\"async\" class=\"alignnone wp-image-11780\" src=\"https:\/\/www.andrefrereditions.com\/wp-content\/uploads\/2022\/10\/Photobook-awards-paris-photo-2022-300x300.jpg\" alt=\"\" width=\"150\" height=\"150\" srcset=\"https:\/\/www.andrefrereditions.com\/wp-content\/uploads\/2022\/10\/Photobook-awards-paris-photo-2022-300x300.jpg 300w, https:\/\/www.andrefrereditions.com\/wp-content\/uploads\/2022\/10\/Photobook-awards-paris-photo-2022-100x100.jpg 100w, https:\/\/www.andrefrereditions.com\/wp-content\/uploads\/2022\/10\/Photobook-awards-paris-photo-2022.jpg 420w\" sizes=\"auto, (max-width: 150px) 100vw, 150px\" \/><\/p>\n<p class=\"texte-important\"><a href=\"\/?p=10171\"><img loading=\"lazy\" decoding=\"async\" class=\"alignnone wp-image-10146 size-full\" src=\"https:\/\/www.andrefrereditions.com\/wp-content\/uploads\/2021\/06\/dust-patrick-wack-andre-frere-editions-1.jpg\" alt=\"\" width=\"430\" height=\"287\" srcset=\"https:\/\/www.andrefrereditions.com\/wp-content\/uploads\/2021\/06\/dust-patrick-wack-andre-frere-editions-1.jpg 430w, https:\/\/www.andrefrereditions.com\/wp-content\/uploads\/2021\/06\/dust-patrick-wack-andre-frere-editions-1-420x280.jpg 420w, https:\/\/www.andrefrereditions.com\/wp-content\/uploads\/2021\/06\/dust-patrick-wack-andre-frere-editions-1-300x200.jpg 300w\" sizes=\"auto, (max-width: 430px) 100vw, 430px\" \/><\/a><br \/>\n<a href=\"\/?p=10171\"><em>DUST<\/em><\/a><br \/>\nBY PATRICK WACK<\/p>\n<p>Shortlisted at Paris Photo &#8211; Aperture PhotoBook Awards 2022<\/p>\n<p>&nbsp;<\/p>\n<p class=\"texte-important\"><a href=\"\/?p=11327\"><img loading=\"lazy\" decoding=\"async\" class=\"alignnone wp-image-11778\" src=\"https:\/\/www.andrefrereditions.com\/wp-content\/uploads\/2022\/10\/ukraine-hundred-hidden-faces-emeric-lhuisset-paris-photo-2022.jpg\" alt=\"\" width=\"430\" height=\"328\" srcset=\"https:\/\/www.andrefrereditions.com\/wp-content\/uploads\/2022\/10\/ukraine-hundred-hidden-faces-emeric-lhuisset-paris-photo-2022.jpg 420w, https:\/\/www.andrefrereditions.com\/wp-content\/uploads\/2022\/10\/ukraine-hundred-hidden-faces-emeric-lhuisset-paris-photo-2022-300x229.jpg 300w\" sizes=\"auto, (max-width: 430px) 100vw, 430px\" \/><\/a><br \/>\n<a href=\"\/?p=11327\"><em>UKRAINE\u00a0 &#8211; HUNDRED HIDDEN FACES<\/em><\/a><br \/>\nBY \u00c9MERIC LHUISSET<\/p>\n<p>Shortlisted at Paris Photo &#8211; Aperture PhotoBook Awards 2022<br \/>\nSelected among the ten books noticed by the jury of the Prix Nadar 2022<\/p>\n","protected":false},"excerpt":{"rendered":"<p>Paris Photo \u2013 Grand Palais \u00e9ph\u00e9m\u00e8re from november 9 to 13, 2022 &#8211; Stand SE04 &nbsp; Come and discover our latest books and the shortlisted books for the Paris Photo Aperture PhotoBook Awards. PARIS PHOTO \u2013 APERTURE PHOTOBOOK AWARDS: Two of our books shortlisted! DUST BY PATRICK WACK Shortlisted at Paris Photo &#8211; Aperture PhotoBook [&hellip;]<\/p>\n","protected":false},"author":2,"featured_media":11776,"comment_status":"closed","ping_status":"open","sticky":false,"template":"","format":"standard","meta":{"footnotes":""},"categories":[112],"tags":[],"class_list":["post-11782","post","type-post","status-publish","format-standard","has-post-thumbnail","hentry","category-news"],"yoast_head":"<!-- This site is optimized with the Yoast SEO plugin v27.5 - https:\/\/yoast.com\/product\/yoast-seo-wordpress\/ -->\n<title>Paris Photo 2022 | Andr\u00e9 Fr\u00e8re \u00c9ditions<\/title>\n<meta name=\"description\" content=\"\u00abParis Photo 2022\u00bb an article from Andr\u00e9 Fr\u00e8re \u00c9ditions. Published in News.\" \/>\n<meta name=\"robots\" content=\"index, follow, max-snippet:-1, max-image-preview:large, max-video-preview:-1\" \/>\n<link rel=\"canonical\" href=\"https:\/\/www.andrefrereditions.com\/en\/news\/paris-photo-2022\/\" \/>\n<meta property=\"og:locale\" content=\"en_US\" \/>\n<meta property=\"og:type\" content=\"article\" \/>\n<meta property=\"og:title\" content=\"Paris Photo 2022 | Andr\u00e9 Fr\u00e8re \u00c9ditions\" \/>\n<meta property=\"og:description\" content=\"\u00abParis Photo 2022\u00bb an article from Andr\u00e9 Fr\u00e8re \u00c9ditions. Published in News.\" \/>\n<meta property=\"og:url\" content=\"https:\/\/www.andrefrereditions.com\/en\/news\/paris-photo-2022\/\" \/>\n<meta property=\"og:site_name\" content=\"Andr\u00e9 Fr\u00e8re \u00c9ditions\" \/>\n<meta property=\"article:published_time\" content=\"2022-10-31T09:51:41+00:00\" \/>\n<meta property=\"article:modified_time\" content=\"2022-10-31T09:53:30+00:00\" \/>\n<meta property=\"og:image\" content=\"https:\/\/www.andrefrereditions.com\/wp-content\/uploads\/2022\/10\/paris-photo-2022-andre-frere-editions.jpg\" \/>\n\t<meta property=\"og:image:width\" content=\"420\" \/>\n\t<meta property=\"og:image:height\" content=\"340\" \/>\n\t<meta property=\"og:image:type\" content=\"image\/jpeg\" \/>\n<meta name=\"author\" content=\"Thomas\" \/>\n<meta name=\"twitter:label1\" content=\"Written by\" \/>\n\t<meta name=\"twitter:data1\" content=\"Thomas\" \/>\n\t<meta name=\"twitter:label2\" content=\"Est. reading time\" \/>\n\t<meta name=\"twitter:data2\" content=\"2 minutes\" \/>\n<script type=\"application\/ld+json\" class=\"yoast-schema-graph\">{\"@context\":\"https:\\\/\\\/schema.org\",\"@graph\":[{\"@type\":\"Article\",\"@id\":\"https:\\\/\\\/www.andrefrereditions.com\\\/en\\\/news\\\/paris-photo-2022\\\/#article\",\"isPartOf\":{\"@id\":\"https:\\\/\\\/www.andrefrereditions.com\\\/en\\\/news\\\/paris-photo-2022\\\/\"},\"author\":{\"name\":\"Thomas\",\"@id\":\"https:\\\/\\\/www.andrefrereditions.com\\\/en\\\/#\\\/schema\\\/person\\\/2fa99d5873550365739aa66e87b74fd6\"},\"headline\":\"Paris Photo 2022\",\"datePublished\":\"2022-10-31T09:51:41+00:00\",\"dateModified\":\"2022-10-31T09:53:30+00:00\",\"mainEntityOfPage\":{\"@id\":\"https:\\\/\\\/www.andrefrereditions.com\\\/en\\\/news\\\/paris-photo-2022\\\/\"},\"wordCount\":85,\"publisher\":{\"@id\":\"https:\\\/\\\/www.andrefrereditions.com\\\/en\\\/#organization\"},\"image\":{\"@id\":\"https:\\\/\\\/www.andrefrereditions.com\\\/en\\\/news\\\/paris-photo-2022\\\/#primaryimage\"},\"thumbnailUrl\":\"https:\\\/\\\/www.andrefrereditions.com\\\/wp-content\\\/uploads\\\/2022\\\/10\\\/paris-photo-2022-andre-frere-editions.jpg\",\"articleSection\":[\"News\"],\"inLanguage\":\"en-US\"},{\"@type\":\"WebPage\",\"@id\":\"https:\\\/\\\/www.andrefrereditions.com\\\/en\\\/news\\\/paris-photo-2022\\\/\",\"url\":\"https:\\\/\\\/www.andrefrereditions.com\\\/en\\\/news\\\/paris-photo-2022\\\/\",\"name\":\"Paris Photo 2022 | Andr\u00e9 Fr\u00e8re \u00c9ditions\",\"isPartOf\":{\"@id\":\"https:\\\/\\\/www.andrefrereditions.com\\\/en\\\/#website\"},\"primaryImageOfPage\":{\"@id\":\"https:\\\/\\\/www.andrefrereditions.com\\\/en\\\/news\\\/paris-photo-2022\\\/#primaryimage\"},\"image\":{\"@id\":\"https:\\\/\\\/www.andrefrereditions.com\\\/en\\\/news\\\/paris-photo-2022\\\/#primaryimage\"},\"thumbnailUrl\":\"https:\\\/\\\/www.andrefrereditions.com\\\/wp-content\\\/uploads\\\/2022\\\/10\\\/paris-photo-2022-andre-frere-editions.jpg\",\"datePublished\":\"2022-10-31T09:51:41+00:00\",\"dateModified\":\"2022-10-31T09:53:30+00:00\",\"description\":\"\u00abParis Photo 2022\u00bb an article from Andr\u00e9 Fr\u00e8re \u00c9ditions. Published in News.\",\"breadcrumb\":{\"@id\":\"https:\\\/\\\/www.andrefrereditions.com\\\/en\\\/news\\\/paris-photo-2022\\\/#breadcrumb\"},\"inLanguage\":\"en-US\",\"potentialAction\":[{\"@type\":\"ReadAction\",\"target\":[\"https:\\\/\\\/www.andrefrereditions.com\\\/en\\\/news\\\/paris-photo-2022\\\/\"]}]},{\"@type\":\"ImageObject\",\"inLanguage\":\"en-US\",\"@id\":\"https:\\\/\\\/www.andrefrereditions.com\\\/en\\\/news\\\/paris-photo-2022\\\/#primaryimage\",\"url\":\"https:\\\/\\\/www.andrefrereditions.com\\\/wp-content\\\/uploads\\\/2022\\\/10\\\/paris-photo-2022-andre-frere-editions.jpg\",\"contentUrl\":\"https:\\\/\\\/www.andrefrereditions.com\\\/wp-content\\\/uploads\\\/2022\\\/10\\\/paris-photo-2022-andre-frere-editions.jpg\",\"width\":420,\"height\":340},{\"@type\":\"BreadcrumbList\",\"@id\":\"https:\\\/\\\/www.andrefrereditions.com\\\/en\\\/news\\\/paris-photo-2022\\\/#breadcrumb\",\"itemListElement\":[{\"@type\":\"ListItem\",\"position\":1,\"name\":\"Home\",\"item\":\"https:\\\/\\\/www.andrefrereditions.com\\\/en\\\/\"},{\"@type\":\"ListItem\",\"position\":2,\"name\":\"Paris Photo 2022\"}]},{\"@type\":\"WebSite\",\"@id\":\"https:\\\/\\\/www.andrefrereditions.com\\\/en\\\/#website\",\"url\":\"https:\\\/\\\/www.andrefrereditions.com\\\/en\\\/\",\"name\":\"Andr\u00e9 Fr\u00e8re \u00c9ditions\",\"description\":\"\u00c9dition ind\u00e9pendante de photographie et d\u2019art\",\"publisher\":{\"@id\":\"https:\\\/\\\/www.andrefrereditions.com\\\/en\\\/#organization\"},\"potentialAction\":[{\"@type\":\"SearchAction\",\"target\":{\"@type\":\"EntryPoint\",\"urlTemplate\":\"https:\\\/\\\/www.andrefrereditions.com\\\/en\\\/?s={search_term_string}\"},\"query-input\":{\"@type\":\"PropertyValueSpecification\",\"valueRequired\":true,\"valueName\":\"search_term_string\"}}],\"inLanguage\":\"en-US\"},{\"@type\":\"Organization\",\"@id\":\"https:\\\/\\\/www.andrefrereditions.com\\\/en\\\/#organization\",\"name\":\"Andr\u00e9 Fr\u00e8re \u00c9ditions\",\"url\":\"https:\\\/\\\/www.andrefrereditions.com\\\/en\\\/\",\"logo\":{\"@type\":\"ImageObject\",\"inLanguage\":\"en-US\",\"@id\":\"https:\\\/\\\/www.andrefrereditions.com\\\/en\\\/#\\\/schema\\\/logo\\\/image\\\/\",\"url\":\"https:\\\/\\\/www.andrefrereditions.com\\\/wp-content\\\/uploads\\\/2014\\\/12\\\/andre-frere-editions-logo.png\",\"contentUrl\":\"https:\\\/\\\/www.andrefrereditions.com\\\/wp-content\\\/uploads\\\/2014\\\/12\\\/andre-frere-editions-logo.png\",\"width\":80,\"height\":79,\"caption\":\"Andr\u00e9 Fr\u00e8re \u00c9ditions\"},\"image\":{\"@id\":\"https:\\\/\\\/www.andrefrereditions.com\\\/en\\\/#\\\/schema\\\/logo\\\/image\\\/\"}},{\"@type\":\"Person\",\"@id\":\"https:\\\/\\\/www.andrefrereditions.com\\\/en\\\/#\\\/schema\\\/person\\\/2fa99d5873550365739aa66e87b74fd6\",\"name\":\"Thomas\",\"image\":{\"@type\":\"ImageObject\",\"inLanguage\":\"en-US\",\"@id\":\"https:\\\/\\\/secure.gravatar.com\\\/avatar\\\/3f0a1c0b42179f3566a52e5e431fe765dfc63bc9180a6d2eee3b9f4dfe458caf?s=96&d=mm&r=g\",\"url\":\"https:\\\/\\\/secure.gravatar.com\\\/avatar\\\/3f0a1c0b42179f3566a52e5e431fe765dfc63bc9180a6d2eee3b9f4dfe458caf?s=96&d=mm&r=g\",\"contentUrl\":\"https:\\\/\\\/secure.gravatar.com\\\/avatar\\\/3f0a1c0b42179f3566a52e5e431fe765dfc63bc9180a6d2eee3b9f4dfe458caf?s=96&d=mm&r=g\",\"caption\":\"Thomas\"},\"sameAs\":[\"http:\\\/\\\/thomas.couraut.free.fr\"]}]}<\/script>\n<!-- \/ Yoast SEO plugin. -->","yoast_head_json":{"title":"Paris Photo 2022 | Andr\u00e9 Fr\u00e8re \u00c9ditions","description":"\u00abParis Photo 2022\u00bb an article from Andr\u00e9 Fr\u00e8re \u00c9ditions. Published in News.","robots":{"index":"index","follow":"follow","max-snippet":"max-snippet:-1","max-image-preview":"max-image-preview:large","max-video-preview":"max-video-preview:-1"},"canonical":"https:\/\/www.andrefrereditions.com\/en\/news\/paris-photo-2022\/","og_locale":"en_US","og_type":"article","og_title":"Paris Photo 2022 | Andr\u00e9 Fr\u00e8re \u00c9ditions","og_description":"\u00abParis Photo 2022\u00bb an article from Andr\u00e9 Fr\u00e8re \u00c9ditions. Published in News.","og_url":"https:\/\/www.andrefrereditions.com\/en\/news\/paris-photo-2022\/","og_site_name":"Andr\u00e9 Fr\u00e8re \u00c9ditions","article_published_time":"2022-10-31T09:51:41+00:00","article_modified_time":"2022-10-31T09:53:30+00:00","og_image":[{"width":420,"height":340,"url":"https:\/\/www.andrefrereditions.com\/wp-content\/uploads\/2022\/10\/paris-photo-2022-andre-frere-editions.jpg","type":"image\/jpeg"}],"author":"Thomas","twitter_misc":{"Written by":"Thomas","Est. reading time":"2 minutes"},"schema":{"@context":"https:\/\/schema.org","@graph":[{"@type":"Article","@id":"https:\/\/www.andrefrereditions.com\/en\/news\/paris-photo-2022\/#article","isPartOf":{"@id":"https:\/\/www.andrefrereditions.com\/en\/news\/paris-photo-2022\/"},"author":{"name":"Thomas","@id":"https:\/\/www.andrefrereditions.com\/en\/#\/schema\/person\/2fa99d5873550365739aa66e87b74fd6"},"headline":"Paris Photo 2022","datePublished":"2022-10-31T09:51:41+00:00","dateModified":"2022-10-31T09:53:30+00:00","mainEntityOfPage":{"@id":"https:\/\/www.andrefrereditions.com\/en\/news\/paris-photo-2022\/"},"wordCount":85,"publisher":{"@id":"https:\/\/www.andrefrereditions.com\/en\/#organization"},"image":{"@id":"https:\/\/www.andrefrereditions.com\/en\/news\/paris-photo-2022\/#primaryimage"},"thumbnailUrl":"https:\/\/www.andrefrereditions.com\/wp-content\/uploads\/2022\/10\/paris-photo-2022-andre-frere-editions.jpg","articleSection":["News"],"inLanguage":"en-US"},{"@type":"WebPage","@id":"https:\/\/www.andrefrereditions.com\/en\/news\/paris-photo-2022\/","url":"https:\/\/www.andrefrereditions.com\/en\/news\/paris-photo-2022\/","name":"Paris Photo 2022 | Andr\u00e9 Fr\u00e8re \u00c9ditions","isPartOf":{"@id":"https:\/\/www.andrefrereditions.com\/en\/#website"},"primaryImageOfPage":{"@id":"https:\/\/www.andrefrereditions.com\/en\/news\/paris-photo-2022\/#primaryimage"},"image":{"@id":"https:\/\/www.andrefrereditions.com\/en\/news\/paris-photo-2022\/#primaryimage"},"thumbnailUrl":"https:\/\/www.andrefrereditions.com\/wp-content\/uploads\/2022\/10\/paris-photo-2022-andre-frere-editions.jpg","datePublished":"2022-10-31T09:51:41+00:00","dateModified":"2022-10-31T09:53:30+00:00","description":"\u00abParis Photo 2022\u00bb an article from Andr\u00e9 Fr\u00e8re \u00c9ditions. Published in News.","breadcrumb":{"@id":"https:\/\/www.andrefrereditions.com\/en\/news\/paris-photo-2022\/#breadcrumb"},"inLanguage":"en-US","potentialAction":[{"@type":"ReadAction","target":["https:\/\/www.andrefrereditions.com\/en\/news\/paris-photo-2022\/"]}]},{"@type":"ImageObject","inLanguage":"en-US","@id":"https:\/\/www.andrefrereditions.com\/en\/news\/paris-photo-2022\/#primaryimage","url":"https:\/\/www.andrefrereditions.com\/wp-content\/uploads\/2022\/10\/paris-photo-2022-andre-frere-editions.jpg","contentUrl":"https:\/\/www.andrefrereditions.com\/wp-content\/uploads\/2022\/10\/paris-photo-2022-andre-frere-editions.jpg","width":420,"height":340},{"@type":"BreadcrumbList","@id":"https:\/\/www.andrefrereditions.com\/en\/news\/paris-photo-2022\/#breadcrumb","itemListElement":[{"@type":"ListItem","position":1,"name":"Home","item":"https:\/\/www.andrefrereditions.com\/en\/"},{"@type":"ListItem","position":2,"name":"Paris Photo 2022"}]},{"@type":"WebSite","@id":"https:\/\/www.andrefrereditions.com\/en\/#website","url":"https:\/\/www.andrefrereditions.com\/en\/","name":"Andr\u00e9 Fr\u00e8re \u00c9ditions","description":"\u00c9dition ind\u00e9pendante de photographie et d\u2019art","publisher":{"@id":"https:\/\/www.andrefrereditions.com\/en\/#organization"},"potentialAction":[{"@type":"SearchAction","target":{"@type":"EntryPoint","urlTemplate":"https:\/\/www.andrefrereditions.com\/en\/?s={search_term_string}"},"query-input":{"@type":"PropertyValueSpecification","valueRequired":true,"valueName":"search_term_string"}}],"inLanguage":"en-US"},{"@type":"Organization","@id":"https:\/\/www.andrefrereditions.com\/en\/#organization","name":"Andr\u00e9 Fr\u00e8re \u00c9ditions","url":"https:\/\/www.andrefrereditions.com\/en\/","logo":{"@type":"ImageObject","inLanguage":"en-US","@id":"https:\/\/www.andrefrereditions.com\/en\/#\/schema\/logo\/image\/","url":"https:\/\/www.andrefrereditions.com\/wp-content\/uploads\/2014\/12\/andre-frere-editions-logo.png","contentUrl":"https:\/\/www.andrefrereditions.com\/wp-content\/uploads\/2014\/12\/andre-frere-editions-logo.png","width":80,"height":79,"caption":"Andr\u00e9 Fr\u00e8re \u00c9ditions"},"image":{"@id":"https:\/\/www.andrefrereditions.com\/en\/#\/schema\/logo\/image\/"}},{"@type":"Person","@id":"https:\/\/www.andrefrereditions.com\/en\/#\/schema\/person\/2fa99d5873550365739aa66e87b74fd6","name":"Thomas","image":{"@type":"ImageObject","inLanguage":"en-US","@id":"https:\/\/secure.gravatar.com\/avatar\/3f0a1c0b42179f3566a52e5e431fe765dfc63bc9180a6d2eee3b9f4dfe458caf?s=96&d=mm&r=g","url":"https:\/\/secure.gravatar.com\/avatar\/3f0a1c0b42179f3566a52e5e431fe765dfc63bc9180a6d2eee3b9f4dfe458caf?s=96&d=mm&r=g","contentUrl":"https:\/\/secure.gravatar.com\/avatar\/3f0a1c0b42179f3566a52e5e431fe765dfc63bc9180a6d2eee3b9f4dfe458caf?s=96&d=mm&r=g","caption":"Thomas"},"sameAs":["http:\/\/thomas.couraut.free.fr"]}]}},"_links":{"self":[{"href":"https:\/\/www.andrefrereditions.com\/en\/wp-json\/wp\/v2\/posts\/11782","targetHints":{"allow":["GET"]}}],"collection":[{"href":"https:\/\/www.andrefrereditions.com\/en\/wp-json\/wp\/v2\/posts"}],"about":[{"href":"https:\/\/www.andrefrereditions.com\/en\/wp-json\/wp\/v2\/types\/post"}],"author":[{"embeddable":true,"href":"https:\/\/www.andrefrereditions.com\/en\/wp-json\/wp\/v2\/users\/2"}],"replies":[{"embeddable":true,"href":"https:\/\/www.andrefrereditions.com\/en\/wp-json\/wp\/v2\/comments?post=11782"}],"version-history":[{"count":0,"href":"https:\/\/www.andrefrereditions.com\/en\/wp-json\/wp\/v2\/posts\/11782\/revisions"}],"wp:featuredmedia":[{"embeddable":true,"href":"https:\/\/www.andrefrereditions.com\/en\/wp-json\/wp\/v2\/media\/11776"}],"wp:attachment":[{"href":"https:\/\/www.andrefrereditions.com\/en\/wp-json\/wp\/v2\/media?parent=11782"}],"wp:term":[{"taxonomy":"category","embeddable":true,"href":"https:\/\/www.andrefrereditions.com\/en\/wp-json\/wp\/v2\/categories?post=11782"},{"taxonomy":"post_tag","embeddable":true,"href":"https:\/\/www.andrefrereditions.com\/en\/wp-json\/wp\/v2\/tags?post=11782"}],"curies":[{"name":"wp","href":"https:\/\/api.w.org\/{rel}","templated":true}]}}